{"id":5687,"date":"2023-02-20T21:45:07","date_gmt":"2023-02-20T20:45:07","guid":{"rendered":"http:\/\/predication.net\/?p=5687"},"modified":"2023-02-20T21:45:08","modified_gmt":"2023-02-20T20:45:08","slug":"vatican-expert-andrea-gagliarducci","status":"publish","type":"post","link":"http:\/\/predication.net\/?p=5687","title":{"rendered":"Vatican expert Andrea Gagliarducci\u00a0"},"content":{"rendered":"<div class=\"article-detail-title \">\n<h2><span>I don&#8217;t think Francis will resign, I don&#8217;t see a war between the cardinals<\/span><\/h2>\n<\/div>\n<div class=\"article-detail-perex default-article\">\n<h2><span>An interview with an Italian journalist about the synod in Prague, criticism of Pope Francis, and the trial in the Vatican.<\/span><\/h2>\n<\/div>\n<div class=\"article-detail-cover-image postoy-photoGallery\"><img decoding=\"async\" src=\"https:\/\/svetkrestanstva.postoj.sk\/uploads\/143775\/conversions\/headline.jpg\" alt=\"I don't think Francis will resign, I don't see a war between the cardinals\" data-gallery=\"true\" data-image-order=\"0\" \/><\/p>\n<p class=\"cover-image-title\"><span>Photo:Adam R\u00e1bara<\/span><\/p>\n<\/div>\n<div class=\"detail-article-p-wrapper postoy-photoGallery \">\n<div id=\"cr0wdWidgetContent-article_advanced\" class=\"cft--background ng-star-inserted\">\n<div class=\"cft--overlay\"><\/div>\n<div>\n<div class=\"cft--body ng-star-inserted\">\n<div class=\"cft--fixed--main\">\n<div class=\"cft--text-container\">\n<div class=\"cft--headline-text\">\n<p style=\"line-height: 1.4; text-align: center;\"><span style=\"text-decoration: underline;\"><strong><span>New: Family account<\/span><\/strong><\/span><\/p>\n<\/div>\n<div class=\"cft--additional-text\">\n<p style=\"line-height: 1.4; text-align: center;\"><span style=\"font-size: 14pt;\"><strong><span>Give the gift of a reading Attitude<\/span><\/strong><\/span><\/p>\n<p style=\"line-height: 1.4; text-align: center;\"><span style=\"font-size: 14pt;\"><strong><span>for a close member\u00a0<\/span><\/strong><\/span><span style=\"font-size: 14pt;\"><strong><span>of your family\u00a0<\/span><span style=\"text-decoration: underline;\"><span>for free<\/span><\/span><span>.<\/span><\/strong><\/span><\/p>\n<p style=\"line-height: 1.4;\"><strong><a href=\"https:\/\/www.postoj.sk\/prihlasenie-moj-ucet\"><img decoding=\"async\" class=\"cft--widget-image\" style=\"display: block; margin-left: auto; margin-right: auto;\" src=\"https:\/\/postoj-backend.crowdfundingtoolbox.news\/storage\/public\/uploads\/orezan\u00fd.png\" alt=\"\" width=\"340px\" \/><\/a><br \/>\n<\/strong><\/p>\n<\/div>\n<\/div>\n<div class=\"cft--button-container ng-star-inserted\"><a class=\"cft__cta__button cft__cta__button__primary-5641\" href=\"https:\/\/www.postoj.sk\/prihlasenie-moj-ucet?referral_widget_id=5641&amp;referral_widget_position=TOP&amp;referral_tracking_show_id=13390297\" data-gtm=\"WIDGET - Postoj - Article widget_9. 2. 2023 (rodinn\u00fd \u00fa\u010det - podporovatelia) - Article widget - advanced\"><span>Activate a family account<\/span><\/a><\/div>\n<div class=\"cft--text-container\">\n<div class=\"cft--additional-text\"><\/div>\n<\/div>\n<\/div>\n<\/div>\n<\/div>\n<\/div>\n<div id=\"styles\"><\/div>\n<div id=\"scripts--article_advanced\" style=\"text-align: justify;\"><strong style=\"font-size: 1.8em; text-align: justify;\">Vaticanist Andrea Gagliarducci, who works for the Italian agency ACI Stampa, its American sister Catholic News Agency, as well as the National Catholic Register, participated in the continental synod meeting in Prague (February 5-12) as a member of the editorial board. She recorded the events at the event and created a draft of the final document.<\/strong><\/div>\n<h2 style=\"text-align: justify;\"><strong><span>We asked the Italian journalist about his view of the debate in Prague, and also about several topics related to current events in the Vatican and the church.<\/span><\/strong><\/h2>\n<h2 style=\"text-align: justify;\"><span>The Continental Synod in Prague has ended.\u00a0Do you agree with the view that German representatives were left almost alone in the sense that most countries were against German positions?<\/span><\/h2>\n<h2 style=\"text-align: justify;\"><span>I see about two points here.\u00a0What we perceive from the synodal journey in Germany is much more advanced than what is the goal of the worldwide synodal journey.\u00a0I have the impression that the Germans are trying their best to achieve some results.\u00a0However, the German delegation did not seem negative about the Prague meeting.\u00a0Maybe she was disappointed, but not negative.<\/span><\/h2>\n<h2 style=\"text-align: justify;\"><span>In general, the German approach is not the approach of other European churches.\u00a0There is an obvious dividing line between the German way and the way of others.\u00a0And that&#8217;s even if we look at churches with a similar nature, such as French or Belgian ones.\u00a0The same concerns, sometimes even the same solutions, but different approaches.<\/span><\/h2>\n<article class=\"main-article-grid rdz-main-article-deff\">\n<div class=\"main-article-grid-image\">\n<div class=\"main-article-grid-image-box\"><img decoding=\"async\" class=\"news-title-image\" src=\"https:\/\/svetkrestanstva.postoj.sk\/uploads\/142939\/conversions\/list.jpg\" alt=\"The big meeting in Prague did not bring controversy, it was also about glorifying God\" data-gallery=\"true\" data-image-order=\"1\" \/><\/div>\n<\/div>\n<div class=\"main-article-grid-content\">\n<div class=\"main-article-heading-box\"><a href=\"https:\/\/www.postoj.sk\/124154\/velke-stretnutie-v-prahe-kontroverziu-neprinieslo-bolo-aj-o-oslave-boha\"><span class=\"main-article-heading-box__anchor\"><span>Vatican Seven\u00a0<\/span><\/span><span class=\"main-article-heading-box__title\"><span>The great meeting in Prague did not bring controversy, it was also about glorifying God<\/span><\/span><\/a><\/div>\n<h2 class=\"main-article-author-box\" style=\"text-align: justify;\"><\/h2>\n<h2 class=\"d-none d-xl-block perex-lim\" style=\"text-align: justify;\" data-lim-l=\"135\" data-lim-m=\"170\" data-lim-s=\"130\" data-lim-xl=\"135\" data-lim-xs=\"80\" data-lim-xxl=\"135\"><span>Weekly summary of events in the Christian world from the editor of World of Christianity.<\/span><\/h2>\n<\/div>\n<\/article>\n<h2 style=\"text-align: justify;\"><span>Did anything surprise you during the meeting?<\/span><\/h2>\n<h2 style=\"text-align: justify;\"><span>If we talk about surprise, I was very surprised that many felt the need to emphasize the importance of the priest and the bishop.\u00a0Let&#8217;s say that even France, in its speech, which was very open, very &#8220;progressive&#8221;, if we want to use a sociological term, still talked about the importance of priests returning to evangelization.\u00a0It was not a matter of course.<\/span><\/h2>\n<h2 style=\"text-align: justify;\"><span>The chairman of the Council of European Bishops&#8217; Conferences, Lithuanian Archbishop Gru\u0161as, said during the event that the difference between the West and the East is visible in Prague. How do you see it?<\/span><\/h2>\n<h2 style=\"text-align: justify;\"><span>There are significant differences that stem from history. They cannot be denied, and when you put all the churches together, you realize that these differences exist. It is a different type of approach, a different type of experience. In the East, secularization is still accompanied by the memory of religious persecution. In the West, secularization is also the cause of hidden discrimination against Christians, as various reports show. The difference seems important to me.\u00a0<\/span><span>Let&#8217;s move on to some &#8220;Vatican&#8221; topics. After the death of Benedict XVI. and the Australian Cardinal Pell, we witnessed the criticism of Pope Francis in different ways. Monsignor G\u00e4nswein&#8217;s book, then Cardinal Pell&#8217;s article, and so on. Franti\u0161ek himself criticized it during the return flight from Africa. How do you rate what happened in January?\u00a0<\/span><span>Above all, I think it was the media that gave weight to the statements of Gangway, M\u00fcller, and even Pell. They didn&#8217;t say anything other than what they always said, their attitudes were known. <\/span><span>But the timing&#8230;<\/span><span>&#8230; of course, the circumstances were specific.\u00a0It would probably be good if G\u00e4nswein&#8217;s book had not been published so immediately after the Pope&#8217;s death, and perhaps some things could have been said differently.\u00a0But criticism of Francis was already there before and did not come out until the death of Benedict XVI. <\/span><span>However, Pope Francis reacted to the media and media perception, not to reality.\u00a0He spoke to his critics, but none of them seem to have even thought about the answer he gave on the plane.\u00a0The Pope was reacting to media perception, and that cannot represent the whole reality.<\/span><\/h2>\n<h2 style=\"text-align: justify;\"><img decoding=\"async\" src=\"https:\/\/svetkrestanstva.postoj.sk\/vendor\/laravel-filemanager\/images\/benedikt\/andrea-2.jpg\" alt=\"\" data-gallery=\"true\" data-image-order=\"2\" \/><\/h2>\n<h2 class=\"image-description\" style=\"text-align: justify;\"><span>Photo:\/Adam R\u00e1bara<\/span><\/h2>\n<h2 style=\"text-align: justify;\"><a href=\"https:\/\/svetkrestanstva.postoj.sk\/124030\/pellovo-konzervativne-znepokojenie-verzus-mcelroyovo-progresivne-sebavedomie\"><span>For example, Ross Douthat wrote<\/span><\/a><span>\u00a0in the New York Times\u00a0that there is a war between the cardinals, and other authors, such as Massimo Franco of Corriere della Sera, think that we have entered a phase of the pontificate in which everything will be tougher. Is the term &#8220;war between the cardinals&#8221; too strong, or does it correspond to reality?<\/span><\/h2>\n<h2 style=\"text-align: justify;\"><span>The word war is strong because we don&#8217;t realize that when we talk about the church, we often talk about isolated positions or small groups.<\/span><\/h2>\n<h2 style=\"text-align: justify;\"><span>War is fought with armies.\u00a0I don&#8217;t believe there is a war going on between the cardinals, simply because no one would want to be pope and face such a difficult situation as it has.<\/span><\/h2>\n<h2 style=\"text-align: justify;\"><span>However, I believe that everything has become harder because of Benedict XVI. with his presence, guaranteed the peace and tranquility that is missing now. If there was no harshness towards Pope Francis, I think it is thanks to the presence of Benedict XVI.<\/span><\/h2>\n<h2 style=\"text-align: justify;\"><span>There was also a theory that Francis was waiting for Benedict&#8217;s death so that he could resign himself.\u00a0Today, however, it seems that he wants to complete, for example, the synod and also the reform of the Roman Curia and the Roman Diocese.\u00a0Your view?<\/span><\/h2>\n<h2 style=\"text-align: justify;\"><span>I do not believe that Pope Francis would ever consider resigning.\u00a0Rather, I believe he pretends to do it, but can only think of it if his health gives him some expectation.<\/span><span>&#8221; There is only one essential question about the direction of the church: will the church still be able to evangelize?&#8221;<\/span><\/h2>\n<h2 style=\"text-align: justify;\"><span>Sure, we&#8217;re seeing an acceleration in decisions, which is noticeable, but it could also mean that things have matured for him.\u00a0And then, of course, he&#8217;s at an age where he rushes to finish what he started.<\/span><\/h2>\n<h2 style=\"text-align: justify;\"><span>How do you evaluate\u00a0<\/span><a href=\"https:\/\/svetkrestanstva.postoj.sk\/124581\/sluzba-papeza-je-na-cely-zivot-rezignacie-by-sa-nemali-stat-modou\" target=\"_blank\" rel=\"noopener\"><span>the Pope&#8217;s words<\/span><\/a><span>, which he said at a meeting with Jesuits in Africa, about the fact that the service of the Pope is for life and that resignations of popes should not become a &#8220;fashion&#8221; or a normal thing?\u00a0The Pope seems to have changed the discourse a bit on this issue, doesn&#8217;t he?<\/span><\/h2>\n<h2 style=\"text-align: justify;\"><span>I do not believe that Pope Francis will ever change his mind, and I have never considered the possibility of Francis resigning.<\/span><\/h2>\n<h2 style=\"text-align: justify;\"><span>The Pope played a little game &#8211; as he always does &#8211; by suggesting that there were possibilities of abdication, but he always spoke only of extreme situations, such as an obstacle on his part.<\/span><\/h2>\n<h2 style=\"text-align: justify;\"><span>What about\u00a0<\/span><a href=\"https:\/\/www.postoj.sk\/120742\/pre-obavy-ze-by-mu-zly-zdravotny-stav-branil-vo-vykone-povinnosti\" target=\"_blank\" rel=\"noopener\"><span>the letter he wrote after his election<\/span><\/a><span>\u00a0that he mentioned now?<\/span><\/h2>\n<h2 style=\"text-align: justify;\"><span>Even in that case, the very letter of resignation, which he says he left to Cardinal Bertone, leaves doubts about the interpretation: who would take care that the office of the Pope finds itself in chaos, because of some obstacle on the part of the Pope to carry out his function?\u00a0How can such an obstacle be defined?<\/span><\/h2>\n<h2 style=\"text-align: justify;\"><span>These are more like school hypotheses that the Pope expresses.\u00a0But it never seemed to me personally that he wanted to resign under any circumstances.\u00a0Only in extreme cases.<\/span><\/h2>\n<h2 style=\"text-align: justify;\"><span>According to Vaticanist Ivereigh, the &#8220;anti-Franciscans&#8221; have come to believe that Francis&#8217; pontificate is coming to an end in the last year and have decided to launch an initiative to elect a pope at the next conclave who will reverse the church&#8217;s current direction.\u00a0Is it too much of a fantasy?<\/span><\/h2>\n<h2 style=\"text-align: justify;\"><span>I am convinced that such a portrayal of the church is not good for the church or reality. There are no opposing blocks, rather there are many nuances.\u00a0Plots of this kind would require preparation and organization that I do not observe.<\/span><\/h2>\n<h2 style=\"text-align: justify;\"><span>And what does it mean to reverse the current direction of the church? Where should it go, and where should it return? Because if the current direction means, for example, the cancellation of the release of the old rite, then it is a minimal thing, it is not an act of direction of the church.<\/span><\/h2>\n<section class=\"article-in-detail\" data-current-url=\"https:\/\/www.postoj.sk\/backend\/articles\/edit\/124617\" data-generated-using=\"https:\/\/svetkrestanstva.postoj.sk\/124030\/pellovo-konzervativne-znepokojenie-verzus-mcelroyovo-progresivne-sebavedomie\">\n<article class=\"main-article-grid rdz-main-article-deff\">\n<div class=\"main-article-grid-image\">\n<div class=\"main-article-grid-image-box\"><img decoding=\"async\" class=\"news-title-image\" src=\"https:\/\/svetkrestanstva.postoj.sk\/uploads\/142732\/conversions\/list.jpg\" alt=\"Pell's conservative concern versus McElroy's progressive confidence\" data-gallery=\"true\" data-image-order=\"3\" \/><\/div>\n<\/div>\n<div class=\"main-article-grid-content\">\n<div class=\"main-article-heading-box\"><a href=\"https:\/\/www.postoj.sk\/124030\/pellovo-konzervativne-znepokojenie-verzus-mcelroyovo-progresivne-sebavedomie\"><span class=\"main-article-heading-box__anchor\"><span>Cardinals War\u00a0<\/span><\/span><span class=\"main-article-heading-box__title\"><span>Pell&#8217;s conservative concern versus McElroy&#8217;s progressive confidence<\/span><\/span><\/a><\/div>\n<div class=\"main-article-author-box\"><\/div>\n<h2 class=\"d-none d-xl-block perex-lim\" style=\"text-align: justify;\" data-lim-l=\"135\" data-lim-m=\"170\" data-lim-s=\"130\" data-lim-xl=\"135\" data-lim-xs=\"80\" data-lim-xxl=\"135\"><span>Vatican scholar Austen Ivereigh, commentator Ross Douthat and others describe how and why the church found itself in the shadow of schism.<\/span><\/h2>\n<\/div>\n<\/article>\n<\/section>\n<h2 style=\"text-align: justify;\"><span>Reforms may disturb these people.<\/span><\/h2>\n<h2 style=\"text-align: justify;\"><span>Pope Francis indeed carried out many reforms. But as far as I can see, the critics are responding to organizational and ideological issues rather than structural ones.\u00a0The question about direction is one: will the church still be able to evangelize?\u00a0That is the only question we have to ask ourselves.\u00a0The rest is prosaic.\u00a0Sometimes necessary, but mundane.<\/span><\/h2>\n<h2 style=\"text-align: justify;\"><span>You follow in detail the trial in the Vatican, in which ten people, including Cardinal Angelo Becciu, are accused of financial embezzlement.\u00a0It turns out that Pope Francis knew a certain amount of information about queaboutionable financial operations. Can this fact be decisive for the acquittal of the defendants?<\/span><\/h2>\n<h2 style=\"text-align: justify;\"><span>Defendants can be acquitted if the Pope so wishes because, in a Vatican trial, the Pope is always the final judge. The Pope knew practically everything, and it seems to me that steps were hardly taken without the Pope being informed.<\/span><\/h2>\n<h2 style=\"text-align: justify;\"><span>I think that in the end only some will be convicted and that for the minor offenses, they are accused of the process will go to waste. This is my impression from the hearings.\u00a0However, maybe it will be proven in the upcoming hearings that I am wrong.\u00a0Everything remains to be seen.<\/span><\/h2>\n<div id=\"cr0wdfundingToolbox-locked\"><\/div>\n<div id=\"cr0wdfundingToolbox-custom\"><\/div>\n<div id=\"cr0wdfundingToolbox-article_advanced\" data-position=\"BOTTOM\">\n<div id=\"cr0wdWidgetContent-article_advanced\" class=\"cft--background ng-star-inserted\">\n<div class=\"cft--overlay\"><\/div>\n<div>\n<div class=\"cft--body ng-star-inserted\">\n<div class=\"cft--fixed--main\">\n<div class=\"cft--text-container\">\n<div class=\"cft--headline-text\"><\/div>\n<\/div>\n<\/div>\n<\/div>\n<\/div>\n<\/div>\n<\/div>\n<\/div>\n","protected":false},"excerpt":{"rendered":"<p>I don&#8217;t think Francis will resign, I don&#8217;t see a war between the cardinals An interview with an Italian journalist about the synod in Prague, criticism of Pope Francis, and the trial in the Vatican. Photo:Adam R\u00e1bara New: Family account &hellip; <a href=\"http:\/\/predication.net\/?p=5687\">Continue reading <span class=\"meta-nav\">&rarr;<\/span><\/a><\/p>\n","protected":false},"author":1,"featured_media":0,"comment_status":"open","ping_status":"open","sticky":false,"template":"","format":"standard","meta":{"_monsterinsights_skip_tracking":false,"_monsterinsights_sitenote_active":false,"_monsterinsights_sitenote_note":"","_monsterinsights_sitenote_category":0,"footnotes":""},"categories":[1],"tags":[],"class_list":["post-5687","post","type-post","status-publish","format-standard","hentry","category-nezaradene"],"yoast_head":"<!-- This site is optimized with the Yoast SEO plugin v27.0 - https:\/\/yoast.com\/product\/yoast-seo-wordpress\/ -->\n<title>Vatican expert Andrea Gagliarducci\u00a0 - predication.net<\/title>\n<meta name=\"robots\" content=\"index, follow, max-snippet:-1, max-image-preview:large, max-video-preview:-1\" \/>\n<link rel=\"canonical\" href=\"https:\/\/predication.net\/?p=5687\" \/>\n<meta property=\"og:locale\" content=\"en_GB\" \/>\n<meta property=\"og:type\" content=\"article\" \/>\n<meta property=\"og:title\" content=\"Vatican expert Andrea Gagliarducci\u00a0 - predication.net\" \/>\n<meta property=\"og:description\" content=\"I don&#8217;t think Francis will resign, I don&#8217;t see a war between the cardinals An interview with an Italian journalist about the synod in Prague, criticism of Pope Francis, and the trial in the Vatican. Photo:Adam R\u00e1bara New: Family account &hellip; Continue reading &rarr;\" \/>\n<meta property=\"og:url\" content=\"https:\/\/predication.net\/?p=5687\" \/>\n<meta property=\"og:site_name\" content=\"predication.net\" \/>\n<meta property=\"article:published_time\" content=\"2023-02-20T20:45:07+00:00\" \/>\n<meta property=\"article:modified_time\" content=\"2023-02-20T20:45:08+00:00\" \/>\n<meta property=\"og:image\" content=\"https:\/\/svetkrestanstva.postoj.sk\/uploads\/143775\/conversions\/headline.jpg\" \/>\n<meta name=\"author\" content=\"Peter Prochac\" \/>\n<meta name=\"twitter:card\" content=\"summary_large_image\" \/>\n<meta name=\"twitter:label1\" content=\"Written by\" \/>\n\t<meta name=\"twitter:data1\" content=\"Peter Prochac\" \/>\n\t<meta name=\"twitter:label2\" content=\"Estimated reading time\" \/>\n\t<meta name=\"twitter:data2\" content=\"8 minutes\" \/>\n<script type=\"application\/ld+json\" class=\"yoast-schema-graph\">{\"@context\":\"https:\/\/schema.org\",\"@graph\":[{\"@type\":\"Article\",\"@id\":\"https:\/\/predication.net\/?p=5687#article\",\"isPartOf\":{\"@id\":\"https:\/\/predication.net\/?p=5687\"},\"author\":{\"name\":\"Peter Prochac\",\"@id\":\"http:\/\/predication.net\/#\/schema\/person\/f62557857ae410ff13810b0081c7093e\"},\"headline\":\"Vatican expert Andrea Gagliarducci\u00a0\",\"datePublished\":\"2023-02-20T20:45:07+00:00\",\"dateModified\":\"2023-02-20T20:45:08+00:00\",\"mainEntityOfPage\":{\"@id\":\"https:\/\/predication.net\/?p=5687\"},\"wordCount\":1631,\"commentCount\":0,\"image\":{\"@id\":\"https:\/\/predication.net\/?p=5687#primaryimage\"},\"thumbnailUrl\":\"https:\/\/svetkrestanstva.postoj.sk\/uploads\/143775\/conversions\/headline.jpg\",\"articleSection\":[\"Nezaraden\u00e9\"],\"inLanguage\":\"en-GB\",\"potentialAction\":[{\"@type\":\"CommentAction\",\"name\":\"Comment\",\"target\":[\"https:\/\/predication.net\/?p=5687#respond\"]}]},{\"@type\":\"WebPage\",\"@id\":\"https:\/\/predication.net\/?p=5687\",\"url\":\"https:\/\/predication.net\/?p=5687\",\"name\":\"Vatican expert Andrea Gagliarducci\u00a0 - predication.net\",\"isPartOf\":{\"@id\":\"http:\/\/predication.net\/#website\"},\"primaryImageOfPage\":{\"@id\":\"https:\/\/predication.net\/?p=5687#primaryimage\"},\"image\":{\"@id\":\"https:\/\/predication.net\/?p=5687#primaryimage\"},\"thumbnailUrl\":\"https:\/\/svetkrestanstva.postoj.sk\/uploads\/143775\/conversions\/headline.jpg\",\"datePublished\":\"2023-02-20T20:45:07+00:00\",\"dateModified\":\"2023-02-20T20:45:08+00:00\",\"author\":{\"@id\":\"http:\/\/predication.net\/#\/schema\/person\/f62557857ae410ff13810b0081c7093e\"},\"breadcrumb\":{\"@id\":\"https:\/\/predication.net\/?p=5687#breadcrumb\"},\"inLanguage\":\"en-GB\",\"potentialAction\":[{\"@type\":\"ReadAction\",\"target\":[\"https:\/\/predication.net\/?p=5687\"]}]},{\"@type\":\"ImageObject\",\"inLanguage\":\"en-GB\",\"@id\":\"https:\/\/predication.net\/?p=5687#primaryimage\",\"url\":\"https:\/\/svetkrestanstva.postoj.sk\/uploads\/143775\/conversions\/headline.jpg\",\"contentUrl\":\"https:\/\/svetkrestanstva.postoj.sk\/uploads\/143775\/conversions\/headline.jpg\"},{\"@type\":\"BreadcrumbList\",\"@id\":\"https:\/\/predication.net\/?p=5687#breadcrumb\",\"itemListElement\":[{\"@type\":\"ListItem\",\"position\":1,\"name\":\"Home\",\"item\":\"http:\/\/predication.net\/\"},{\"@type\":\"ListItem\",\"position\":2,\"name\":\"Vatican expert Andrea Gagliarducci\u00a0\"}]},{\"@type\":\"WebSite\",\"@id\":\"http:\/\/predication.net\/#website\",\"url\":\"http:\/\/predication.net\/\",\"name\":\"predication.net\",\"description\":\"Petr Prochac&#039;s web blog\",\"potentialAction\":[{\"@type\":\"SearchAction\",\"target\":{\"@type\":\"EntryPoint\",\"urlTemplate\":\"http:\/\/predication.net\/?s={search_term_string}\"},\"query-input\":{\"@type\":\"PropertyValueSpecification\",\"valueRequired\":true,\"valueName\":\"search_term_string\"}}],\"inLanguage\":\"en-GB\"},{\"@type\":\"Person\",\"@id\":\"http:\/\/predication.net\/#\/schema\/person\/f62557857ae410ff13810b0081c7093e\",\"name\":\"Peter Prochac\",\"image\":{\"@type\":\"ImageObject\",\"inLanguage\":\"en-GB\",\"@id\":\"http:\/\/predication.net\/#\/schema\/person\/image\/\",\"url\":\"https:\/\/secure.gravatar.com\/avatar\/71c4613d6cbe235658e1e54b06c76a3feea1b74d3ba9c2c47f907d199762838b?s=96&d=mm&r=g\",\"contentUrl\":\"https:\/\/secure.gravatar.com\/avatar\/71c4613d6cbe235658e1e54b06c76a3feea1b74d3ba9c2c47f907d199762838b?s=96&d=mm&r=g\",\"caption\":\"Peter Prochac\"}}]}<\/script>\n<!-- \/ Yoast SEO plugin. -->","yoast_head_json":{"title":"Vatican expert Andrea Gagliarducci\u00a0 - predication.net","robots":{"index":"index","follow":"follow","max-snippet":"max-snippet:-1","max-image-preview":"max-image-preview:large","max-video-preview":"max-video-preview:-1"},"canonical":"https:\/\/predication.net\/?p=5687","og_locale":"en_GB","og_type":"article","og_title":"Vatican expert Andrea Gagliarducci\u00a0 - predication.net","og_description":"I don&#8217;t think Francis will resign, I don&#8217;t see a war between the cardinals An interview with an Italian journalist about the synod in Prague, criticism of Pope Francis, and the trial in the Vatican. Photo:Adam R\u00e1bara New: Family account &hellip; Continue reading &rarr;","og_url":"https:\/\/predication.net\/?p=5687","og_site_name":"predication.net","article_published_time":"2023-02-20T20:45:07+00:00","article_modified_time":"2023-02-20T20:45:08+00:00","og_image":[{"url":"https:\/\/svetkrestanstva.postoj.sk\/uploads\/143775\/conversions\/headline.jpg","type":"","width":"","height":""}],"author":"Peter Prochac","twitter_card":"summary_large_image","twitter_misc":{"Written by":"Peter Prochac","Estimated reading time":"8 minutes"},"schema":{"@context":"https:\/\/schema.org","@graph":[{"@type":"Article","@id":"https:\/\/predication.net\/?p=5687#article","isPartOf":{"@id":"https:\/\/predication.net\/?p=5687"},"author":{"name":"Peter Prochac","@id":"http:\/\/predication.net\/#\/schema\/person\/f62557857ae410ff13810b0081c7093e"},"headline":"Vatican expert Andrea Gagliarducci\u00a0","datePublished":"2023-02-20T20:45:07+00:00","dateModified":"2023-02-20T20:45:08+00:00","mainEntityOfPage":{"@id":"https:\/\/predication.net\/?p=5687"},"wordCount":1631,"commentCount":0,"image":{"@id":"https:\/\/predication.net\/?p=5687#primaryimage"},"thumbnailUrl":"https:\/\/svetkrestanstva.postoj.sk\/uploads\/143775\/conversions\/headline.jpg","articleSection":["Nezaraden\u00e9"],"inLanguage":"en-GB","potentialAction":[{"@type":"CommentAction","name":"Comment","target":["https:\/\/predication.net\/?p=5687#respond"]}]},{"@type":"WebPage","@id":"https:\/\/predication.net\/?p=5687","url":"https:\/\/predication.net\/?p=5687","name":"Vatican expert Andrea Gagliarducci\u00a0 - predication.net","isPartOf":{"@id":"http:\/\/predication.net\/#website"},"primaryImageOfPage":{"@id":"https:\/\/predication.net\/?p=5687#primaryimage"},"image":{"@id":"https:\/\/predication.net\/?p=5687#primaryimage"},"thumbnailUrl":"https:\/\/svetkrestanstva.postoj.sk\/uploads\/143775\/conversions\/headline.jpg","datePublished":"2023-02-20T20:45:07+00:00","dateModified":"2023-02-20T20:45:08+00:00","author":{"@id":"http:\/\/predication.net\/#\/schema\/person\/f62557857ae410ff13810b0081c7093e"},"breadcrumb":{"@id":"https:\/\/predication.net\/?p=5687#breadcrumb"},"inLanguage":"en-GB","potentialAction":[{"@type":"ReadAction","target":["https:\/\/predication.net\/?p=5687"]}]},{"@type":"ImageObject","inLanguage":"en-GB","@id":"https:\/\/predication.net\/?p=5687#primaryimage","url":"https:\/\/svetkrestanstva.postoj.sk\/uploads\/143775\/conversions\/headline.jpg","contentUrl":"https:\/\/svetkrestanstva.postoj.sk\/uploads\/143775\/conversions\/headline.jpg"},{"@type":"BreadcrumbList","@id":"https:\/\/predication.net\/?p=5687#breadcrumb","itemListElement":[{"@type":"ListItem","position":1,"name":"Home","item":"http:\/\/predication.net\/"},{"@type":"ListItem","position":2,"name":"Vatican expert Andrea Gagliarducci\u00a0"}]},{"@type":"WebSite","@id":"http:\/\/predication.net\/#website","url":"http:\/\/predication.net\/","name":"predication.net","description":"Petr Prochac&#039;s web blog","potentialAction":[{"@type":"SearchAction","target":{"@type":"EntryPoint","urlTemplate":"http:\/\/predication.net\/?s={search_term_string}"},"query-input":{"@type":"PropertyValueSpecification","valueRequired":true,"valueName":"search_term_string"}}],"inLanguage":"en-GB"},{"@type":"Person","@id":"http:\/\/predication.net\/#\/schema\/person\/f62557857ae410ff13810b0081c7093e","name":"Peter Prochac","image":{"@type":"ImageObject","inLanguage":"en-GB","@id":"http:\/\/predication.net\/#\/schema\/person\/image\/","url":"https:\/\/secure.gravatar.com\/avatar\/71c4613d6cbe235658e1e54b06c76a3feea1b74d3ba9c2c47f907d199762838b?s=96&d=mm&r=g","contentUrl":"https:\/\/secure.gravatar.com\/avatar\/71c4613d6cbe235658e1e54b06c76a3feea1b74d3ba9c2c47f907d199762838b?s=96&d=mm&r=g","caption":"Peter Prochac"}}]}},"_links":{"self":[{"href":"http:\/\/predication.net\/index.php?rest_route=\/wp\/v2\/posts\/5687","targetHints":{"allow":["GET"]}}],"collection":[{"href":"http:\/\/predication.net\/index.php?rest_route=\/wp\/v2\/posts"}],"about":[{"href":"http:\/\/predication.net\/index.php?rest_route=\/wp\/v2\/types\/post"}],"author":[{"embeddable":true,"href":"http:\/\/predication.net\/index.php?rest_route=\/wp\/v2\/users\/1"}],"replies":[{"embeddable":true,"href":"http:\/\/predication.net\/index.php?rest_route=%2Fwp%2Fv2%2Fcomments&post=5687"}],"version-history":[{"count":1,"href":"http:\/\/predication.net\/index.php?rest_route=\/wp\/v2\/posts\/5687\/revisions"}],"predecessor-version":[{"id":5688,"href":"http:\/\/predication.net\/index.php?rest_route=\/wp\/v2\/posts\/5687\/revisions\/5688"}],"wp:attachment":[{"href":"http:\/\/predication.net\/index.php?rest_route=%2Fwp%2Fv2%2Fmedia&parent=5687"}],"wp:term":[{"taxonomy":"category","embeddable":true,"href":"http:\/\/predication.net\/index.php?rest_route=%2Fwp%2Fv2%2Fcategories&post=5687"},{"taxonomy":"post_tag","embeddable":true,"href":"http:\/\/predication.net\/index.php?rest_route=%2Fwp%2Fv2%2Ftags&post=5687"}],"curies":[{"name":"wp","href":"https:\/\/api.w.org\/{rel}","templated":true}]}}