{"id":7159,"date":"2024-02-15T11:52:27","date_gmt":"2024-02-15T10:52:27","guid":{"rendered":"https:\/\/predication.net\/?p=7159"},"modified":"2024-02-15T11:57:09","modified_gmt":"2024-02-15T10:57:09","slug":"7159","status":"publish","type":"post","link":"http:\/\/predication.net\/?p=7159","title":{"rendered":"New rejection of the Pope."},"content":{"rendered":"<h2><strong><span data-preserver-spaces=\"true\">It is necessary to distinguish whether an ordinary person or a priest rejects it, claims the church lawyer<\/span><\/strong><\/h2>\n<h2><strong><em><span data-preserver-spaces=\"true\">&#8220;I do not recognize this pope. Francis is not the real pope,&#8221; echoes from Catholics on the Slovak Internet as well. What is the problem?<\/span><\/em><\/strong><\/h2>\n<h2 style=\"text-align: justify;\"><span data-preserver-spaces=\"true\">The rejection of Pope Francis by some Catholics is no longer unusual. However, a report from Italy at the turn of the year shows how far the fierce opposition to the Argentine pontiff can go.\u00a0<\/span><\/h2>\n<h2 style=\"text-align: justify;\"><span data-preserver-spaces=\"true\">It was Sunday, December 31, 2023, when pastor Ramon Guidetti celebrated mass in his church on the anniversary of the death of Benedict XVI.<\/span><\/h2>\n<h2 style=\"text-align: justify;\"><span data-preserver-spaces=\"true\">Roughly in the middle of the sermon, he recalled: &#8220;the lightning that struck the dome of the Basilica of St. Peter on the night when Benedict XVI. announced his resignation.&#8221; Subsequently, the 48-year-old priest narrated the incident with another lightning, which allegedly took place last December 17 in a sanctuary near Buenos Aires.\u00a0<\/span><\/h2>\n<h2 style=\"text-align: justify;\"><span data-preserver-spaces=\"true\">Father Guidetti added that he &#8220;will not name&#8221; who the archbishop of that city was, and then went on to say that lightning struck the statue of St. Peter there and burned two things &#8211; the halo and the keys.\u00a0<\/span><\/h2>\n<h2 style=\"text-align: justify;\"><span data-preserver-spaces=\"true\">&#8220;Peter is not a saint, and he no longer has the keys. Indeed, Peter is not a saint because there is a Freemason, a Jesuit Freemason connected to the powerful globalists, a usurping antipope. He doesn&#8217;t have the keys, because good Benedict holds them,&#8221; Catholic priest Guidetti said at the mass.<\/span><\/h2>\n<h2><a class=\"editor-rtfLink\" href=\"https:\/\/www.youtube.com\/watch?v=6aULyLaDrOA\" target=\"_blank\" rel=\"noopener\"><span data-preserver-spaces=\"true\">The video of the sermon<\/span><\/a><span data-preserver-spaces=\"true\">\u00a0is available on the Internet, not only that. The decree on the excommunication of this priest was also published.\u00a0<\/span><\/h2>\n<h2 style=\"text-align: justify;\"><span data-preserver-spaces=\"true\">The Diocese of Livorno in Tuscany\u00a0<\/span><a class=\"editor-rtfLink\" href=\"https:\/\/www.catholicnewsagency.com\/news\/256428\/italian-priest-excommunicated-for-calling-pope-francis-a-usurper\" target=\"_blank\" rel=\"noopener\"><span data-preserver-spaces=\"true\">issued a decree on January 1<\/span><\/a><span data-preserver-spaces=\"true\">, in which it announced to the faithful that the priest Ramon Guidetti &#8220;publicly committed a schismatic act&#8221; during Mass and\u00a0<\/span><em><span data-preserver-spaces=\"true\">ipso facto<\/span><\/em><span data-preserver-spaces=\"true\">\u00a0earned &#8220;<\/span><em><span data-preserver-spaces=\"true\">latae sententiae<\/span><\/em><span data-preserver-spaces=\"true\">\u00a0excommunication, &#8220;i.e., automatic excommunication.<\/span><\/h2>\n<h2 style=\"text-align: justify;\"><span data-preserver-spaces=\"true\">Bishop Simone Giusti informed that Catholics should not participate in any Mass celebrated by an excommunicated priest; otherwise, they also &#8220;expose themselves to the severe penalty of ex-communication.&#8221;<\/span><\/h2>\n<h2 style=\"text-align: justify;\"><span data-preserver-spaces=\"true\">The bishop referred to Canon 751 of the Code of Canon Law, which defines <\/span><span data-preserver-spaces=\"true\">schism as &#8220;the refusal to submit to the Supreme High Priest or the refusal to unite with the members of the Church who are subject to him.&#8221;<\/span><\/h2>\n<h2 style=\"text-align: justify;\"><span data-preserver-spaces=\"true\">According to local newspapers, the bishop met with the priest Guidetti before Christmas to discuss his controversial views. It proceeded to issue an official decree of ex-communication after what happened on December<\/span><\/h2>\n<h2 style=\"text-align: justify;\"><span data-preserver-spaces=\"true\">Former priest Alessandro Minutella comes from Sicily and has been excommunicated since 2018. He calls the current pope invalid and, like Guidetti, claims that Freemasons control the Catholic Church.<\/span><\/h2>\n<h2 style=\"text-align: justify;\"><span data-preserver-spaces=\"true\">According to Minutell, whose videos are watched by tens of thousands of people in Italy, attending Mass in unity with Pope Francis is a grave sin.<\/span><\/h2>\n<h2 style=\"text-align: justify;\"><span data-preserver-spaces=\"true\">Minutella gathered around him several excommunicated or suspended priests from different countries. His followers are also in Slovakia; they meet in \u0160a\u0161t\u00edn. Former Slovak Salesian R\u00f3bert Benko leads them.<\/span><\/h2>\n<h2 style=\"text-align: justify;\"><span data-preserver-spaces=\"true\">He was expelled from the religious order in December 2021, and, according to the Salesians, he is currently administering the sacraments illegally, without spiritual effect, since &#8220;a priest who was expelled from the religious order and who was subsequently not accepted (incarnated) by any bishop into his diocese may not perform acts of sacred status, i.e., nor administer the sacraments.&#8221;<\/span><\/h2>\n<h2 style=\"text-align: justify;\">A former Salesian leads a group of believers that does not recognize Pope Francis.<\/h2>\n<h2 style=\"text-align: justify;\"><span data-preserver-spaces=\"true\">Slovak believers do not avoid stiff resistance, even outright rejection of Pope Francis.\u00a0<\/span><\/h2>\n<h2 style=\"text-align: justify;\"><span data-preserver-spaces=\"true\">On one traditionalist blog, the author of which identifies himself as a Catholic, one can read the following statements from him:\u00a0<\/span><\/h2>\n<h2 style=\"text-align: justify;\"><span data-preserver-spaces=\"true\">&#8220;Currently, Rome is occupied by a non-Catholic group of heretics, the anti-Church of the Last Days (Fornication of Babylon), which is not the Catholic Church. Francis is not Pope because he is not Catholic: and as traditional Catholic teaching and the teaching of all the Fathers explains, a non-Catholic cannot be elected Pope or hold any other office in the Church.&#8221;<\/span><\/h2>\n<h2 style=\"text-align: justify;\"><span data-preserver-spaces=\"true\">And in another place on the same website: &#8220;He is an apostate antipope.&#8221; The Church teaches that heretics cannot hold offices in the Church.&#8221;<\/span><\/h2>\n<h2 style=\"text-align: justify;\"><span data-preserver-spaces=\"true\">Social networks on the Slovak Internet are also examples of anti-papal statements and attitudes. The following statements (which took a few minutes to find) come from discussions on the Facebook social network under the texts of the World of Christianity:\u00a0<\/span><\/h2>\n<h2 style=\"text-align: justify;\"><span data-preserver-spaces=\"true\">&#8220;Bergoglio will destroy the church from within!&#8221;<\/span><\/h2>\n<h2 style=\"text-align: justify;\"><span data-preserver-spaces=\"true\">&#8220;That can&#8217;t be a real p are wars, disasters, and earthquake aches everywhere.&#8221;<\/span><\/h2>\n<h2 style=\"text-align: justify;\"><span data-preserver-spaces=\"true\">&#8220;For me, the only pope in this world was John Paul, I don&#8217;t recognize the others&#8230;&#8221;<\/span><\/h2>\n<h2 style=\"text-align: justify;\"><span data-preserver-spaces=\"true\">&#8220;This installed Francis is anything but a holy father.&#8221;<\/span><\/h2>\n<h2 style=\"text-align: justify;\"><strong><span data-preserver-spaces=\"true\">Ecclesiastical lawyer: It makes a difference whether an ordinary person or a priest rejects the pope<\/span><\/strong><\/h2>\n<h2><span data-preserver-spaces=\"true\">As the example of Reverend Ramon Guidetti showed, the question of rejecting the Pope is directly related to canon law.\u00a0<\/span><\/h2>\n<h2><span data-preserver-spaces=\"true\">Ecclesiastical lawyer and priest of the Bratislava Archdiocese, Radoslav \u0160a\u0161kovi\u010d, points out that excommunication is perhaps the most severe punishment in canon law.\u00a0<\/span><\/h2>\n<h2 style=\"text-align: justify;\"><span data-preserver-spaces=\"true\">&#8220;Although a person under such censorship does not go to prison or pay a fine, he is forbidden to have any active participation in the celebration and reception of sacraments, shrines and other ceremonies of the liturgical cult, to perform church offices, tasks, services, and functions,&#8221; \u0160a\u0161kovi\u0107 explains for the World of Christianity.\u00a0<\/span><\/h2>\n<h2 style=\"text-align: justify;\"><span data-preserver-spaces=\"true\">However, the excommunication does not have to be definitive; after fulfilling the prescribed penance, the person&#8217;s excommunication can be lifted.<\/span><\/h2>\n<h2 style=\"text-align: justify;\"><span data-preserver-spaces=\"true\">In the case of the priest from Italy, the bishop mentioned &#8220;latae sentence ex-communication.&#8221; What does it mean?\u00a0<\/span><\/h2>\n<h2 style=\"text-align: justify;\"><span data-preserver-spaces=\"true\">Ecclesiastical lawyer \u0160a\u0161kovi\u010d clarifies that canon law distinguishes between the punishments that the relevant church authority imposes at its discretion after executing the criminal procedure and the punishments that the guilty person falls into by committing the crime itself.<\/span><\/h2>\n<h2 style=\"text-align: justify;\"><span data-preserver-spaces=\"true\">In the first case, the relevant ecclesiastical authority, within the limits of the law, will issue its judgment, lat.\u00a0<\/span><em><span data-preserver-spaces=\"true\">ferendae sententiae<\/span><\/em><span data-preserver-spaces=\"true\">, while in the second case, he establishes the previously given judgment, lat.\u00a0<\/span><em><span data-preserver-spaces=\"true\">latae sententiae<\/span><\/em><span data-preserver-spaces=\"true\">.<\/span><\/h2>\n<h2 style=\"text-align: justify;\"><span data-preserver-spaces=\"true\">&#8220;Each judgment is issued in written form. The publication of the decree on the excommunication of the priest also has an informative and pastoral character,&#8221; adds \u0160a\u0161kovi\u010d.<\/span><\/h2>\n<h2 style=\"text-align: justify;\"><span data-preserver-spaces=\"true\">In other words, the mentioned priest himself was excommunicated for his act, while after a proper investigation of the case, the bishop only stated this fact.<\/span><\/h2>\n<h2 style=\"text-align: justify;\"><span data-preserver-spaces=\"true\">Since we also see similar expressions in the Slovak environment, when some &#8211; Catholics &#8211; express themselves about Pope Francis as someone who is not the Pope, the question is whether they are committing an act that would lead to ex-communication.<\/span><\/h2>\n<h2><span data-preserver-spaces=\"true\">&#8220;If any Catholic lives in the error that the duly elected Holy Father is not the true pope, it is useful to patiently try to lead him out of this error,&#8221; responds the church lawyer.<\/span><\/h2>\n<h2 style=\"text-align: justify;\"><span data-preserver-spaces=\"true\">At the same time, he emphasizes that when assessing whether someone falls into excommunication, one must always keep in mind a specific person and ask why they think or acts in a way that appears to be close to schism.\u00a0<\/span><\/h2>\n<h2 style=\"text-align: justify;\"><span data-preserver-spaces=\"true\">&#8220;It also makes a difference whether a person who brings us mail or drafts beer thinks and acts this way, or a person who serves us the sacraments and thus bears a greater degree of responsibility. In addition, canon law recognizes many mitigating circumstances and emphasizes moderation in the application of punishments,&#8221; says \u0160a\u0161kovi\u0107.<\/span><\/h2>\n<h2 style=\"text-align: justify;\"><span data-preserver-spaces=\"true\">According to him, being a member of the Catholic Church means actively living in unity with its earthly head, i.e., the incumbent Pope.\u00a0<\/span><\/h2>\n<h2 style=\"text-align: justify;\"><span data-preserver-spaces=\"true\">&#8220;If someone has difficulty with that, they have the right to freely decide to join another church. It would be more honest than having to worry about the internal rejection of the Pope for a long time,&#8221; Sa\u0161kovi\u0107 thinks, adding that even freely leaving the membership in the Catholic Church automatically results in falling into pre-declared excommunication based on one&#8217;s own choice.\u00a0<\/span><\/h2>\n<h2 style=\"text-align: justify;\"><span data-preserver-spaces=\"true\">In this context, it is also essential to perceive the difference between the rejection of the Pope and a critical view of him.\u00a0<\/span><\/h2>\n<h2 style=\"text-align: justify;\"><span data-preserver-spaces=\"true\">&#8220;Criticism of the Pope, which does not turn into his rejection, is not the fulfillment of the factual essence of the schism,&#8221; states the church lawyer who was contacted.\u00a0<\/span><\/h2>\n<h2><span data-preserver-spaces=\"true\">However, according to him, if someone believes that the Pope is wrong about something and does not have the opportunity to ask him for an explanation, which is probably the majority of cases, he has the chance to put his doubts into prayer, asking for the grace to understand and know the truth about what and why the Pope speaks and acts.<\/span><\/h2>\n<h2><span data-preserver-spaces=\"true\">&#8220;Not everyone has a doctorate in theology, so a certain humility is in order here,&#8221; he concluded.<\/span><\/h2>\n<h2><\/h2>\n<h2><\/h2>\n","protected":false},"excerpt":{"rendered":"<p>It is necessary to distinguish whether an ordinary person or a priest rejects it, claims the church lawyer &#8220;I do not recognize this pope. Francis is not the real pope,&#8221; echoes from Catholics on the Slovak Internet as well. What &hellip; <a href=\"http:\/\/predication.net\/?p=7159\">Continue reading <span class=\"meta-nav\">&rarr;<\/span><\/a><\/p>\n","protected":false},"author":1,"featured_media":0,"comment_status":"open","ping_status":"open","sticky":false,"template":"","format":"standard","meta":{"_monsterinsights_skip_tracking":false,"_monsterinsights_sitenote_active":false,"_monsterinsights_sitenote_note":"","_monsterinsights_sitenote_category":0,"footnotes":""},"categories":[1],"tags":[],"class_list":["post-7159","post","type-post","status-publish","format-standard","hentry","category-nezaradene"],"yoast_head":"<!-- This site is optimized with the Yoast SEO plugin v27.0 - https:\/\/yoast.com\/product\/yoast-seo-wordpress\/ -->\n<title>New rejection of the Pope. - predication.net<\/title>\n<meta name=\"robots\" content=\"index, follow, max-snippet:-1, max-image-preview:large, max-video-preview:-1\" \/>\n<link rel=\"canonical\" href=\"http:\/\/predication.net\/?p=7159\" \/>\n<meta property=\"og:locale\" content=\"en_GB\" \/>\n<meta property=\"og:type\" content=\"article\" \/>\n<meta property=\"og:title\" content=\"New rejection of the Pope. - predication.net\" \/>\n<meta property=\"og:description\" content=\"It is necessary to distinguish whether an ordinary person or a priest rejects it, claims the church lawyer &#8220;I do not recognize this pope. Francis is not the real pope,&#8221; echoes from Catholics on the Slovak Internet as well. What &hellip; Continue reading &rarr;\" \/>\n<meta property=\"og:url\" content=\"http:\/\/predication.net\/?p=7159\" \/>\n<meta property=\"og:site_name\" content=\"predication.net\" \/>\n<meta property=\"article:published_time\" content=\"2024-02-15T10:52:27+00:00\" \/>\n<meta property=\"article:modified_time\" content=\"2024-02-15T10:57:09+00:00\" \/>\n<meta name=\"author\" content=\"Peter Prochac\" \/>\n<meta name=\"twitter:card\" content=\"summary_large_image\" \/>\n<meta name=\"twitter:label1\" content=\"Written by\" \/>\n\t<meta name=\"twitter:data1\" content=\"Peter Prochac\" \/>\n\t<meta name=\"twitter:label2\" content=\"Estimated reading time\" \/>\n\t<meta name=\"twitter:data2\" content=\"7 minutes\" \/>\n<script type=\"application\/ld+json\" class=\"yoast-schema-graph\">{\"@context\":\"https:\/\/schema.org\",\"@graph\":[{\"@type\":\"Article\",\"@id\":\"http:\/\/predication.net\/?p=7159#article\",\"isPartOf\":{\"@id\":\"http:\/\/predication.net\/?p=7159\"},\"author\":{\"name\":\"Peter Prochac\",\"@id\":\"http:\/\/predication.net\/#\/schema\/person\/f62557857ae410ff13810b0081c7093e\"},\"headline\":\"New rejection of the Pope.\",\"datePublished\":\"2024-02-15T10:52:27+00:00\",\"dateModified\":\"2024-02-15T10:57:09+00:00\",\"mainEntityOfPage\":{\"@id\":\"http:\/\/predication.net\/?p=7159\"},\"wordCount\":1452,\"commentCount\":0,\"articleSection\":[\"Nezaraden\u00e9\"],\"inLanguage\":\"en-GB\",\"potentialAction\":[{\"@type\":\"CommentAction\",\"name\":\"Comment\",\"target\":[\"http:\/\/predication.net\/?p=7159#respond\"]}]},{\"@type\":\"WebPage\",\"@id\":\"http:\/\/predication.net\/?p=7159\",\"url\":\"http:\/\/predication.net\/?p=7159\",\"name\":\"New rejection of the Pope. - predication.net\",\"isPartOf\":{\"@id\":\"http:\/\/predication.net\/#website\"},\"datePublished\":\"2024-02-15T10:52:27+00:00\",\"dateModified\":\"2024-02-15T10:57:09+00:00\",\"author\":{\"@id\":\"http:\/\/predication.net\/#\/schema\/person\/f62557857ae410ff13810b0081c7093e\"},\"breadcrumb\":{\"@id\":\"http:\/\/predication.net\/?p=7159#breadcrumb\"},\"inLanguage\":\"en-GB\",\"potentialAction\":[{\"@type\":\"ReadAction\",\"target\":[\"http:\/\/predication.net\/?p=7159\"]}]},{\"@type\":\"BreadcrumbList\",\"@id\":\"http:\/\/predication.net\/?p=7159#breadcrumb\",\"itemListElement\":[{\"@type\":\"ListItem\",\"position\":1,\"name\":\"Home\",\"item\":\"http:\/\/predication.net\/\"},{\"@type\":\"ListItem\",\"position\":2,\"name\":\"New rejection of the Pope.\"}]},{\"@type\":\"WebSite\",\"@id\":\"http:\/\/predication.net\/#website\",\"url\":\"http:\/\/predication.net\/\",\"name\":\"predication.net\",\"description\":\"Petr Prochac&#039;s web blog\",\"potentialAction\":[{\"@type\":\"SearchAction\",\"target\":{\"@type\":\"EntryPoint\",\"urlTemplate\":\"http:\/\/predication.net\/?s={search_term_string}\"},\"query-input\":{\"@type\":\"PropertyValueSpecification\",\"valueRequired\":true,\"valueName\":\"search_term_string\"}}],\"inLanguage\":\"en-GB\"},{\"@type\":\"Person\",\"@id\":\"http:\/\/predication.net\/#\/schema\/person\/f62557857ae410ff13810b0081c7093e\",\"name\":\"Peter Prochac\",\"image\":{\"@type\":\"ImageObject\",\"inLanguage\":\"en-GB\",\"@id\":\"http:\/\/predication.net\/#\/schema\/person\/image\/\",\"url\":\"https:\/\/secure.gravatar.com\/avatar\/71c4613d6cbe235658e1e54b06c76a3feea1b74d3ba9c2c47f907d199762838b?s=96&d=mm&r=g\",\"contentUrl\":\"https:\/\/secure.gravatar.com\/avatar\/71c4613d6cbe235658e1e54b06c76a3feea1b74d3ba9c2c47f907d199762838b?s=96&d=mm&r=g\",\"caption\":\"Peter Prochac\"}}]}<\/script>\n<!-- \/ Yoast SEO plugin. -->","yoast_head_json":{"title":"New rejection of the Pope. - predication.net","robots":{"index":"index","follow":"follow","max-snippet":"max-snippet:-1","max-image-preview":"max-image-preview:large","max-video-preview":"max-video-preview:-1"},"canonical":"http:\/\/predication.net\/?p=7159","og_locale":"en_GB","og_type":"article","og_title":"New rejection of the Pope. - predication.net","og_description":"It is necessary to distinguish whether an ordinary person or a priest rejects it, claims the church lawyer &#8220;I do not recognize this pope. Francis is not the real pope,&#8221; echoes from Catholics on the Slovak Internet as well. What &hellip; Continue reading &rarr;","og_url":"http:\/\/predication.net\/?p=7159","og_site_name":"predication.net","article_published_time":"2024-02-15T10:52:27+00:00","article_modified_time":"2024-02-15T10:57:09+00:00","author":"Peter Prochac","twitter_card":"summary_large_image","twitter_misc":{"Written by":"Peter Prochac","Estimated reading time":"7 minutes"},"schema":{"@context":"https:\/\/schema.org","@graph":[{"@type":"Article","@id":"http:\/\/predication.net\/?p=7159#article","isPartOf":{"@id":"http:\/\/predication.net\/?p=7159"},"author":{"name":"Peter Prochac","@id":"http:\/\/predication.net\/#\/schema\/person\/f62557857ae410ff13810b0081c7093e"},"headline":"New rejection of the Pope.","datePublished":"2024-02-15T10:52:27+00:00","dateModified":"2024-02-15T10:57:09+00:00","mainEntityOfPage":{"@id":"http:\/\/predication.net\/?p=7159"},"wordCount":1452,"commentCount":0,"articleSection":["Nezaraden\u00e9"],"inLanguage":"en-GB","potentialAction":[{"@type":"CommentAction","name":"Comment","target":["http:\/\/predication.net\/?p=7159#respond"]}]},{"@type":"WebPage","@id":"http:\/\/predication.net\/?p=7159","url":"http:\/\/predication.net\/?p=7159","name":"New rejection of the Pope. - predication.net","isPartOf":{"@id":"http:\/\/predication.net\/#website"},"datePublished":"2024-02-15T10:52:27+00:00","dateModified":"2024-02-15T10:57:09+00:00","author":{"@id":"http:\/\/predication.net\/#\/schema\/person\/f62557857ae410ff13810b0081c7093e"},"breadcrumb":{"@id":"http:\/\/predication.net\/?p=7159#breadcrumb"},"inLanguage":"en-GB","potentialAction":[{"@type":"ReadAction","target":["http:\/\/predication.net\/?p=7159"]}]},{"@type":"BreadcrumbList","@id":"http:\/\/predication.net\/?p=7159#breadcrumb","itemListElement":[{"@type":"ListItem","position":1,"name":"Home","item":"http:\/\/predication.net\/"},{"@type":"ListItem","position":2,"name":"New rejection of the Pope."}]},{"@type":"WebSite","@id":"http:\/\/predication.net\/#website","url":"http:\/\/predication.net\/","name":"predication.net","description":"Petr Prochac&#039;s web blog","potentialAction":[{"@type":"SearchAction","target":{"@type":"EntryPoint","urlTemplate":"http:\/\/predication.net\/?s={search_term_string}"},"query-input":{"@type":"PropertyValueSpecification","valueRequired":true,"valueName":"search_term_string"}}],"inLanguage":"en-GB"},{"@type":"Person","@id":"http:\/\/predication.net\/#\/schema\/person\/f62557857ae410ff13810b0081c7093e","name":"Peter Prochac","image":{"@type":"ImageObject","inLanguage":"en-GB","@id":"http:\/\/predication.net\/#\/schema\/person\/image\/","url":"https:\/\/secure.gravatar.com\/avatar\/71c4613d6cbe235658e1e54b06c76a3feea1b74d3ba9c2c47f907d199762838b?s=96&d=mm&r=g","contentUrl":"https:\/\/secure.gravatar.com\/avatar\/71c4613d6cbe235658e1e54b06c76a3feea1b74d3ba9c2c47f907d199762838b?s=96&d=mm&r=g","caption":"Peter Prochac"}}]}},"_links":{"self":[{"href":"http:\/\/predication.net\/index.php?rest_route=\/wp\/v2\/posts\/7159","targetHints":{"allow":["GET"]}}],"collection":[{"href":"http:\/\/predication.net\/index.php?rest_route=\/wp\/v2\/posts"}],"about":[{"href":"http:\/\/predication.net\/index.php?rest_route=\/wp\/v2\/types\/post"}],"author":[{"embeddable":true,"href":"http:\/\/predication.net\/index.php?rest_route=\/wp\/v2\/users\/1"}],"replies":[{"embeddable":true,"href":"http:\/\/predication.net\/index.php?rest_route=%2Fwp%2Fv2%2Fcomments&post=7159"}],"version-history":[{"count":2,"href":"http:\/\/predication.net\/index.php?rest_route=\/wp\/v2\/posts\/7159\/revisions"}],"predecessor-version":[{"id":7162,"href":"http:\/\/predication.net\/index.php?rest_route=\/wp\/v2\/posts\/7159\/revisions\/7162"}],"wp:attachment":[{"href":"http:\/\/predication.net\/index.php?rest_route=%2Fwp%2Fv2%2Fmedia&parent=7159"}],"wp:term":[{"taxonomy":"category","embeddable":true,"href":"http:\/\/predication.net\/index.php?rest_route=%2Fwp%2Fv2%2Fcategories&post=7159"},{"taxonomy":"post_tag","embeddable":true,"href":"http:\/\/predication.net\/index.php?rest_route=%2Fwp%2Fv2%2Ftags&post=7159"}],"curies":[{"name":"wp","href":"https:\/\/api.w.org\/{rel}","templated":true}]}}