{"id":6804,"date":"2023-11-23T11:03:41","date_gmt":"2023-11-23T10:03:41","guid":{"rendered":"https:\/\/predication.net\/?p=6804"},"modified":"2023-11-23T11:05:13","modified_gmt":"2023-11-23T10:05:13","slug":"6804","status":"publish","type":"post","link":"https:\/\/predication.net\/?p=6804","title":{"rendered":"Pope Francis."},"content":{"rendered":"<div class=\"article-detail-title \">\n<h3><span style=\"background-color: transparent; color: #000000; font-size: 1.8em;\">\u00a0In the letter, the Pope expressed concern about the German synodal path.<\/span><\/h3>\n<\/div>\n<div class=\"article-detail-cover-image postoy-photoGallery\"><img decoding=\"async\" src=\"https:\/\/www.postoj.sk\/uploads\/170576\/conversions\/headline.jpg\" alt=\"P\u00e1pe\u017e v liste vyjadril znepokojenie nad nemeckou synod\u00e1lnou cestou\" data-gallery=\"true\" data-image-order=\"0\" \/><\/p>\n<h2 class=\"cover-image-title\" lang=\"en\" style=\"text-align: justify;\">Photo<\/h2>\n<\/div>\n<div class=\"detail-article-p-wrapper postoy-photoGallery \">\n<p lang=\"en\"><strong>Francis stressed that the Catholic Church in Germany should be rooted &#8220;in prayer, penance and adoration.<\/strong>&#8220;<\/p>\n<h2 style=\"text-align: justify;\"><span lang=\"en\">Pope Francis expressed deep concern about the German synodal path.\u00a0<\/span><span lang=\"en\">He says the process is now shifting to a level where unity with the universal church &#8220;threatens&#8221; to be eroded.<\/span><\/h2>\n<h2 style=\"text-align: justify;\"><span lang=\"en\">The pope expressed these concerns in a letter to four German Catholic laywomen published <a href=\"https:\/\/www.welt.de\/politik\/deutschland\/article248627440\/Brisanter-Papst-Brief-ueber-die-Deutschen-Drohen-sich-zu-entfernen.html\" target=\"_blank\" rel=\"noopener\">by Die Welt<\/a>.\u00a0<\/span><span lang=\"en\">The letter&#8217;s existence was confirmed to Kathpress by moral theologian Katarina Westerhorstmann, one of the addressees of the letter containing Francis&#8217; handwritten signature.<\/span><\/h2>\n<h2 lang=\"en\" style=\"text-align: justify;\">The Vatican authorities have repeatedly opposed the Synod in Germany.<\/h2>\n<section class=\"article-in-detail\" data-current-url=\"https:\/\/www.postoj.sk\/backend\/articles\/edit\/142130\" data-generated-using=\"https:\/\/svetkrestanstva.postoj.sk\/133601\/niektori-vinia-rim-blokujuci-synodalnu-cestu-ini-hovoria-o-ustupcivosti-svetu\">\n<article class=\"main-article-grid rdz-main-article-deff\">\n<div class=\"main-article-grid-image\">\n<div class=\"main-article-grid-image-box\"><img loading=\"lazy\" decoding=\"async\" class=\"news-title-image aligncenter\" src=\"https:\/\/www.postoj.sk\/uploads\/157437\/conversions\/list.jpg\" alt=\"Niektor\u00ed vinia R\u00edm blokuj\u00faci Synod\u00e1lnu cestu, in\u00ed hovoria o \u00fastup\u010divosti svetu\" width=\"541\" height=\"360\" data-gallery=\"true\" data-image-order=\"1\" \/><\/div>\n<\/div>\n<div class=\"main-article-grid-content\">\n<div class=\"main-article-heading-box\"><\/div>\n<div class=\"main-article-author-box\"><\/div>\n<\/div>\n<\/article>\n<\/section>\n<h2 style=\"text-align: justify;\"><span lang=\"en\">Among the pope&#8217;s main concerns was the push for establishing a permanent &#8220;synod commission,&#8221; a mixed body of laity and bishops that would determine the direction of the Catholic Church in Germany. <\/span><span lang=\"en\">Showing this body is a top priority of the German synodal path.<\/span><\/h2>\n<h2 lang=\"en\" style=\"text-align: justify;\">In his recent letter, Pope Francis suggested a different path for progress for the Church in Germany.<\/h2>\n<h2 style=\"text-align: justify;\"><span lang=\"en\">Francis also called on German Catholics to &#8220;open up and reach out to our brothers and sisters,&#8221; including the sick, the imprisoned, and the marginalized. <\/span><span lang=\"en\">&#8220;I am convinced that it is here that the Lord will show us the way,&#8221; Pope Francis wrote.<\/span><\/h2>\n<h2 lang=\"en\" style=\"text-align: justify;\">German theologian Martin Br\u00fcske described the pope&#8217;s letter as a clear and strong signal to halt the work of the synod committee in Germany.<\/h2>\n<div>\n<p><big><strong class=\"dark-blue\" lang=\"en\">Full text of Pope Francis&#8217; letter<\/strong><\/big><\/p>\n<h2 style=\"text-align: justify;\"><span lang=\"en\">Dear Professor Westerhorstmann,<\/span><br \/>\n<span lang=\"en\">Dear Professor Schlosser,<\/span><br \/>\n<span lang=\"en\">Dear Professor Gerl-Falkovitz,<\/span><br \/>\n<span lang=\"en\">Dear Mrs Schmidt,<\/span><\/h2>\n<h2 style=\"text-align: justify;\"><span lang=\"en\">I express my gratitude for your kind letter of 6 November.\u00a0<\/span><span lang=\"en\">You have addressed me with your concerns about current developments in the Church in Germany.\u00a0<\/span><span lang=\"en\">I share my concerns.\u00a0<\/span><span lang=\"en\">Indeed, significant segments of this local church are taking many steps that threaten to divert it more and more from the typical path of the universal church.<\/span><\/h2>\n<h2 style=\"text-align: justify;\"><span lang=\"en\">This certainly includes the establishment of the Synod Committee to which you referred to. <\/span><span lang=\"en\">This committee aims to establish an advisory and decision-making body. <\/span><span lang=\"en\">However, as stated in the relevant resolution, its proposed structure is not in line with the sacramental structure of the Catholic Church.\u00a0<\/span><span lang=\"en\">As a result, the Holy See banned its creation by letter dated January 16, 2023, which received my special consent.<\/span><\/h2>\n<h2 style=\"text-align: justify;\"><span lang=\"en\">In my Letter to the Pilgrim People of God in Germany, I tried not to seek &#8220;salvation&#8221; in ever-evolving committees or engage in biased dialogues repeating the same themes.\u00a0<\/span><span lang=\"en\">Instead, I sought to reaffirm the importance of prayer, repentance, and adoration.<\/span><\/h2>\n<h2 style=\"text-align: justify;\"><span lang=\"en\">I encouraged openness and called for action to engage in contact with our brothers and sisters, especially those we find on our church doorstep, in the streets, prisons, hospitals, squares, and cities (as discussed in section 8). <\/span><span lang=\"en\">I firmly believe that the Lord will lead us in these places.<\/span><\/h2>\n<h2 style=\"text-align: justify;\"><span lang=\"en\">I appreciate your contribution to theology and philosophy, and thank you for your witness of faith. <\/span><span lang=\"en\">May the Lord bless you and Our Lady protect you.\u00a0<\/span><span lang=\"en\">I kindly ask you to continue praying for me and our shared commitment to unity.<\/span><\/h2>\n<h2 lang=\"en\" style=\"text-align: justify;\">United in the Lord<\/h2>\n<p><strong lang=\"en\">Francis<\/strong><\/p>\n<\/div>\n<\/div>\n","protected":false},"excerpt":{"rendered":"<p>\u00a0In the letter, the Pope expressed concern about the German synodal path. Photo Francis stressed that the Catholic Church in Germany should be rooted &#8220;in prayer, penance and adoration.&#8220; Pope Francis expressed deep concern about the German synodal path.\u00a0He says &hellip; <a href=\"https:\/\/predication.net\/?p=6804\">Continue reading <span class=\"meta-nav\">&rarr;<\/span><\/a><\/p>\n","protected":false},"author":1,"featured_media":0,"comment_status":"open","ping_status":"open","sticky":false,"template":"","format":"standard","meta":{"_monsterinsights_skip_tracking":false,"footnotes":""},"categories":[1],"tags":[],"class_list":["post-6804","post","type-post","status-publish","format-standard","hentry","category-nezaradene"],"yoast_head":"<!-- This site is optimized with the Yoast SEO plugin v28.4 - https:\/\/yoast.com\/product\/yoast-seo-wordpress\/ -->\n<title>Pope Francis. - predication.net<\/title>\n<meta name=\"robots\" content=\"index, follow, max-snippet:-1, max-image-preview:large, max-video-preview:-1\" \/>\n<link rel=\"canonical\" href=\"https:\/\/predication.net\/?p=6804\" \/>\n<meta property=\"og:locale\" content=\"en_GB\" \/>\n<meta property=\"og:type\" content=\"article\" \/>\n<meta property=\"og:title\" content=\"Pope Francis. - predication.net\" \/>\n<meta property=\"og:description\" content=\"\u00a0In the letter, the Pope expressed concern about the German synodal path. Photo Francis stressed that the Catholic Church in Germany should be rooted &#8220;in prayer, penance and adoration.&#8220; Pope Francis expressed deep concern about the German synodal path.\u00a0He says &hellip; Continue reading &rarr;\" \/>\n<meta property=\"og:url\" content=\"https:\/\/predication.net\/?p=6804\" \/>\n<meta property=\"og:site_name\" content=\"predication.net\" \/>\n<meta property=\"article:published_time\" content=\"2023-11-23T10:03:41+00:00\" \/>\n<meta property=\"article:modified_time\" content=\"2023-11-23T10:05:13+00:00\" \/>\n<meta property=\"og:image\" content=\"https:\/\/www.postoj.sk\/uploads\/170576\/conversions\/headline.jpg\" \/>\n<meta name=\"author\" content=\"Peter Prochac\" \/>\n<meta name=\"twitter:card\" content=\"summary_large_image\" \/>\n<meta name=\"twitter:label1\" content=\"Written by\" \/>\n\t<meta name=\"twitter:data1\" content=\"Peter Prochac\" \/>\n\t<meta name=\"twitter:label2\" content=\"Estimated reading time\" \/>\n\t<meta name=\"twitter:data2\" content=\"3 minutes\" \/>\n<script type=\"application\/ld+json\" class=\"yoast-schema-graph\">{\"@context\":\"https:\\\/\\\/schema.org\",\"@graph\":[{\"@type\":\"Article\",\"@id\":\"https:\\\/\\\/predication.net\\\/?p=6804#article\",\"isPartOf\":{\"@id\":\"https:\\\/\\\/predication.net\\\/?p=6804\"},\"author\":{\"name\":\"Peter Prochac\",\"@id\":\"https:\\\/\\\/predication.net\\\/#\\\/schema\\\/person\\\/f62557857ae410ff13810b0081c7093e\"},\"headline\":\"Pope Francis.\",\"datePublished\":\"2023-11-23T10:03:41+00:00\",\"dateModified\":\"2023-11-23T10:05:13+00:00\",\"mainEntityOfPage\":{\"@id\":\"https:\\\/\\\/predication.net\\\/?p=6804\"},\"wordCount\":516,\"commentCount\":0,\"image\":{\"@id\":\"https:\\\/\\\/predication.net\\\/?p=6804#primaryimage\"},\"thumbnailUrl\":\"https:\\\/\\\/www.postoj.sk\\\/uploads\\\/170576\\\/conversions\\\/headline.jpg\",\"articleSection\":[\"Nezaraden\u00e9\"],\"inLanguage\":\"en-GB\",\"potentialAction\":[{\"@type\":\"CommentAction\",\"name\":\"Comment\",\"target\":[\"https:\\\/\\\/predication.net\\\/?p=6804#respond\"]}]},{\"@type\":\"WebPage\",\"@id\":\"https:\\\/\\\/predication.net\\\/?p=6804\",\"url\":\"https:\\\/\\\/predication.net\\\/?p=6804\",\"name\":\"Pope Francis. - predication.net\",\"isPartOf\":{\"@id\":\"https:\\\/\\\/predication.net\\\/#website\"},\"primaryImageOfPage\":{\"@id\":\"https:\\\/\\\/predication.net\\\/?p=6804#primaryimage\"},\"image\":{\"@id\":\"https:\\\/\\\/predication.net\\\/?p=6804#primaryimage\"},\"thumbnailUrl\":\"https:\\\/\\\/www.postoj.sk\\\/uploads\\\/170576\\\/conversions\\\/headline.jpg\",\"datePublished\":\"2023-11-23T10:03:41+00:00\",\"dateModified\":\"2023-11-23T10:05:13+00:00\",\"author\":{\"@id\":\"https:\\\/\\\/predication.net\\\/#\\\/schema\\\/person\\\/f62557857ae410ff13810b0081c7093e\"},\"breadcrumb\":{\"@id\":\"https:\\\/\\\/predication.net\\\/?p=6804#breadcrumb\"},\"inLanguage\":\"en-GB\",\"potentialAction\":[{\"@type\":\"ReadAction\",\"target\":[\"https:\\\/\\\/predication.net\\\/?p=6804\"]}]},{\"@type\":\"ImageObject\",\"inLanguage\":\"en-GB\",\"@id\":\"https:\\\/\\\/predication.net\\\/?p=6804#primaryimage\",\"url\":\"https:\\\/\\\/www.postoj.sk\\\/uploads\\\/170576\\\/conversions\\\/headline.jpg\",\"contentUrl\":\"https:\\\/\\\/www.postoj.sk\\\/uploads\\\/170576\\\/conversions\\\/headline.jpg\"},{\"@type\":\"BreadcrumbList\",\"@id\":\"https:\\\/\\\/predication.net\\\/?p=6804#breadcrumb\",\"itemListElement\":[{\"@type\":\"ListItem\",\"position\":1,\"name\":\"Home\",\"item\":\"https:\\\/\\\/predication.net\\\/\"},{\"@type\":\"ListItem\",\"position\":2,\"name\":\"Pope Francis.\"}]},{\"@type\":\"WebSite\",\"@id\":\"https:\\\/\\\/predication.net\\\/#website\",\"url\":\"https:\\\/\\\/predication.net\\\/\",\"name\":\"predication.net\",\"description\":\"Petr Prochac&#039;s web blog\",\"potentialAction\":[{\"@type\":\"SearchAction\",\"target\":{\"@type\":\"EntryPoint\",\"urlTemplate\":\"https:\\\/\\\/predication.net\\\/?s={search_term_string}\"},\"query-input\":{\"@type\":\"PropertyValueSpecification\",\"valueRequired\":true,\"valueName\":\"search_term_string\"}}],\"inLanguage\":\"en-GB\"},{\"@type\":\"Person\",\"@id\":\"https:\\\/\\\/predication.net\\\/#\\\/schema\\\/person\\\/f62557857ae410ff13810b0081c7093e\",\"name\":\"Peter Prochac\",\"image\":{\"@type\":\"ImageObject\",\"inLanguage\":\"en-GB\",\"@id\":\"https:\\\/\\\/secure.gravatar.com\\\/avatar\\\/71c4613d6cbe235658e1e54b06c76a3feea1b74d3ba9c2c47f907d199762838b?s=96&d=mm&r=g\",\"url\":\"https:\\\/\\\/secure.gravatar.com\\\/avatar\\\/71c4613d6cbe235658e1e54b06c76a3feea1b74d3ba9c2c47f907d199762838b?s=96&d=mm&r=g\",\"contentUrl\":\"https:\\\/\\\/secure.gravatar.com\\\/avatar\\\/71c4613d6cbe235658e1e54b06c76a3feea1b74d3ba9c2c47f907d199762838b?s=96&d=mm&r=g\",\"caption\":\"Peter Prochac\"}}]}<\/script>\n<!-- \/ Yoast SEO plugin. -->","yoast_head_json":{"title":"Pope Francis. - predication.net","robots":{"index":"index","follow":"follow","max-snippet":"max-snippet:-1","max-image-preview":"max-image-preview:large","max-video-preview":"max-video-preview:-1"},"canonical":"https:\/\/predication.net\/?p=6804","og_locale":"en_GB","og_type":"article","og_title":"Pope Francis. - predication.net","og_description":"\u00a0In the letter, the Pope expressed concern about the German synodal path. Photo Francis stressed that the Catholic Church in Germany should be rooted &#8220;in prayer, penance and adoration.&#8220; Pope Francis expressed deep concern about the German synodal path.\u00a0He says &hellip; Continue reading &rarr;","og_url":"https:\/\/predication.net\/?p=6804","og_site_name":"predication.net","article_published_time":"2023-11-23T10:03:41+00:00","article_modified_time":"2023-11-23T10:05:13+00:00","og_image":[{"url":"https:\/\/www.postoj.sk\/uploads\/170576\/conversions\/headline.jpg","type":"","width":"","height":""}],"author":"Peter Prochac","twitter_card":"summary_large_image","twitter_misc":{"Written by":"Peter Prochac","Estimated reading time":"3 minutes"},"schema":{"@context":"https:\/\/schema.org","@graph":[{"@type":"Article","@id":"https:\/\/predication.net\/?p=6804#article","isPartOf":{"@id":"https:\/\/predication.net\/?p=6804"},"author":{"name":"Peter Prochac","@id":"https:\/\/predication.net\/#\/schema\/person\/f62557857ae410ff13810b0081c7093e"},"headline":"Pope Francis.","datePublished":"2023-11-23T10:03:41+00:00","dateModified":"2023-11-23T10:05:13+00:00","mainEntityOfPage":{"@id":"https:\/\/predication.net\/?p=6804"},"wordCount":516,"commentCount":0,"image":{"@id":"https:\/\/predication.net\/?p=6804#primaryimage"},"thumbnailUrl":"https:\/\/www.postoj.sk\/uploads\/170576\/conversions\/headline.jpg","articleSection":["Nezaraden\u00e9"],"inLanguage":"en-GB","potentialAction":[{"@type":"CommentAction","name":"Comment","target":["https:\/\/predication.net\/?p=6804#respond"]}]},{"@type":"WebPage","@id":"https:\/\/predication.net\/?p=6804","url":"https:\/\/predication.net\/?p=6804","name":"Pope Francis. - predication.net","isPartOf":{"@id":"https:\/\/predication.net\/#website"},"primaryImageOfPage":{"@id":"https:\/\/predication.net\/?p=6804#primaryimage"},"image":{"@id":"https:\/\/predication.net\/?p=6804#primaryimage"},"thumbnailUrl":"https:\/\/www.postoj.sk\/uploads\/170576\/conversions\/headline.jpg","datePublished":"2023-11-23T10:03:41+00:00","dateModified":"2023-11-23T10:05:13+00:00","author":{"@id":"https:\/\/predication.net\/#\/schema\/person\/f62557857ae410ff13810b0081c7093e"},"breadcrumb":{"@id":"https:\/\/predication.net\/?p=6804#breadcrumb"},"inLanguage":"en-GB","potentialAction":[{"@type":"ReadAction","target":["https:\/\/predication.net\/?p=6804"]}]},{"@type":"ImageObject","inLanguage":"en-GB","@id":"https:\/\/predication.net\/?p=6804#primaryimage","url":"https:\/\/www.postoj.sk\/uploads\/170576\/conversions\/headline.jpg","contentUrl":"https:\/\/www.postoj.sk\/uploads\/170576\/conversions\/headline.jpg"},{"@type":"BreadcrumbList","@id":"https:\/\/predication.net\/?p=6804#breadcrumb","itemListElement":[{"@type":"ListItem","position":1,"name":"Home","item":"https:\/\/predication.net\/"},{"@type":"ListItem","position":2,"name":"Pope Francis."}]},{"@type":"WebSite","@id":"https:\/\/predication.net\/#website","url":"https:\/\/predication.net\/","name":"predication.net","description":"Petr Prochac&#039;s web blog","potentialAction":[{"@type":"SearchAction","target":{"@type":"EntryPoint","urlTemplate":"https:\/\/predication.net\/?s={search_term_string}"},"query-input":{"@type":"PropertyValueSpecification","valueRequired":true,"valueName":"search_term_string"}}],"inLanguage":"en-GB"},{"@type":"Person","@id":"https:\/\/predication.net\/#\/schema\/person\/f62557857ae410ff13810b0081c7093e","name":"Peter Prochac","image":{"@type":"ImageObject","inLanguage":"en-GB","@id":"https:\/\/secure.gravatar.com\/avatar\/71c4613d6cbe235658e1e54b06c76a3feea1b74d3ba9c2c47f907d199762838b?s=96&d=mm&r=g","url":"https:\/\/secure.gravatar.com\/avatar\/71c4613d6cbe235658e1e54b06c76a3feea1b74d3ba9c2c47f907d199762838b?s=96&d=mm&r=g","contentUrl":"https:\/\/secure.gravatar.com\/avatar\/71c4613d6cbe235658e1e54b06c76a3feea1b74d3ba9c2c47f907d199762838b?s=96&d=mm&r=g","caption":"Peter Prochac"}}]}},"_links":{"self":[{"href":"https:\/\/predication.net\/index.php?rest_route=\/wp\/v2\/posts\/6804","targetHints":{"allow":["GET"]}}],"collection":[{"href":"https:\/\/predication.net\/index.php?rest_route=\/wp\/v2\/posts"}],"about":[{"href":"https:\/\/predication.net\/index.php?rest_route=\/wp\/v2\/types\/post"}],"author":[{"embeddable":true,"href":"https:\/\/predication.net\/index.php?rest_route=\/wp\/v2\/users\/1"}],"replies":[{"embeddable":true,"href":"https:\/\/predication.net\/index.php?rest_route=%2Fwp%2Fv2%2Fcomments&post=6804"}],"version-history":[{"count":2,"href":"https:\/\/predication.net\/index.php?rest_route=\/wp\/v2\/posts\/6804\/revisions"}],"predecessor-version":[{"id":6806,"href":"https:\/\/predication.net\/index.php?rest_route=\/wp\/v2\/posts\/6804\/revisions\/6806"}],"wp:attachment":[{"href":"https:\/\/predication.net\/index.php?rest_route=%2Fwp%2Fv2%2Fmedia&parent=6804"}],"wp:term":[{"taxonomy":"category","embeddable":true,"href":"https:\/\/predication.net\/index.php?rest_route=%2Fwp%2Fv2%2Fcategories&post=6804"},{"taxonomy":"post_tag","embeddable":true,"href":"https:\/\/predication.net\/index.php?rest_route=%2Fwp%2Fv2%2Ftags&post=6804"}],"curies":[{"name":"wp","href":"https:\/\/api.w.org\/{rel}","templated":true}]}}